{"id":475,"date":"2021-09-14T19:47:26","date_gmt":"2021-09-14T22:47:26","guid":{"rendered":"https:\/\/sites.ufca.edu.br\/agenciacariri\/?p=475"},"modified":"2021-09-14T20:08:31","modified_gmt":"2021-09-14T23:08:31","slug":"faturamento-de-506-das-empresas-do-ce-caiu-pela-metade-na-pandemia","status":"publish","type":"post","link":"https:\/\/sites.ufca.edu.br\/agenciacariri\/faturamento-de-506-das-empresas-do-ce-caiu-pela-metade-na-pandemia\/","title":{"rendered":"Faturamento de 50,6% das empresas do CE caiu pela metade na pandemia"},"content":{"rendered":"\n<p>Pesquisa realizada pela Superintend\u00eancia do Desenvolvimento do Nordeste (Sudene) aponta que 50,6% das empresas do Cear\u00e1 tiveram queda de at\u00e9 50% no faturamento  e 76% dos empres\u00e1rios sofreram impacto negativo desde que come\u00e7aram as medidas de combate \u00e0 covid-19. O \u00edndice \u00e9 o maior entre os estados sob atua\u00e7\u00e3o da Sudene, junto com Alagoas e Maranh\u00e3o.<\/p>\n\n\n\n<p>O com\u00e9rcio foi o setor mais afetado nesse per\u00edodo, com 75% dos neg\u00f3cios prejudicados. Maria Irene de Souza, dona de uma loja de roupas em Juazeiro do Norte, est\u00e1 entre os empres\u00e1rios da regi\u00e3o do Cariri que foram impactados com a pandemia . &#8220;A falta de clientes e os pagamentos atrasados afetaram o meu neg\u00f3cio&#8221;, afirma Irene, que tem a loja como \u00fanica fonte de renda. Com o com\u00e9rcio fechado por meses, ela conta que teve apenas o aux\u00edlio emergencial como ajuda para pagar as d\u00edvidas. Mesmo com a reabertura do com\u00e9rcio, Irene acredita que a crise ainda vai continuar devido ao aumento do desemprego.&nbsp;<\/p>\n\n\n\n<p>A assessora de imprensa da C\u00e2mara de Dirigentes Lojistas (CDL) de Juazeiro do Norte, Raquel Oliveira, afirma que a pandemia trouxe dificuldades para a maioria dos lojistas, principalmente para as pequenas empresas. \u201cOs lojistas passaram muito tempo trabalhando apenas por delivery e muitos deles n\u00e3o tinham condi\u00e7\u00f5es de manter um servi\u00e7o de entrega&#8221;, comenta. Ela destaca ainda que &#8220;o com\u00e9rcio \u00e9 a maior for\u00e7a econ\u00f4mica de Juazeiro do Norte, representando mais de 90% do PIB municipal. Com a pandemia, empresas precisaram se reformular, empregos foram perdidos e muitas empresas tiveram que fechar as portas, o que traz um impacto direto no desenvolvimento econ\u00f4mico do munic\u00edpio&#8221;.<\/p>\n\n\n\n<p>Questionada pela Ag\u00eancia Cariri sobre as a\u00e7\u00f5es promovidas pela CDL para apoiar os lojistas prejudicados com a pandemia, Raquel disse que &#8220;a organiza\u00e7\u00e3o tem realizado constantemente treinamentos, muitos deles gratuitos para os lojistas. No per\u00edodo do pico da pandemia foi lan\u00e7ado o \u2018Loja Mais Segura\u2019 para ajudar os lojistas a se adaptarem \u00e0s normas de seguran\u00e7a. Foram distribu\u00eddos equipamentos de prote\u00e7\u00e3o individual (EPI &#8216;s) para os pequenos empres\u00e1rios e oferecidos cursos de vendas online. Uma ferramenta que se fortaleceu ainda mais na pandemia&#8221;.<\/p>\n\n\n\n<p><strong>Renda<\/strong><\/p>\n\n\n\n<p>Na pesquisa realizada pela Sudene, divulgada no m\u00eas passado, 65% dos cearenses entrevistados relataram perda de renda durante a pandemia de covid-19. O levantamento ouviu 3.080 pessoas nos Estados do Nordeste, al\u00e9m de parte de Minas Gerais e do Esp\u00edrito Santo. Maria das Dores de Ara\u00fajo, de 65 anos, propriet\u00e1ria de uma loja de artigos para casa, viu a pandemia reduzir suas vendas em torno de 60% desde o in\u00edcio da pandemia. \u201cEspero que as coisas melhorem no futuro, mas n\u00e3o estou muito animada quanto a isso&#8221;.&nbsp; Aposentada, a comerciante que tem a loja como complemento de renda encontrou dificuldades para sustentar a casa. A empreendedora n\u00e3o recebeu nenhum incentivo do governo para manter as atividades de seu neg\u00f3cio.<\/p>\n\n\n\n<p>Para n\u00e3o fechar as portas muitas empresas tiveram que se reinventar e buscar novas formas de conquistar clientes. Respons\u00e1vel pelo Marketing de uma loja de cosm\u00e9ticos do Crato,&nbsp; Aldil\u00e2nia Cardoso conta que precisou intensificar os trabalhos de divulga\u00e7\u00e3o e entrega dos produtos nas redes sociais. Segundo ela, a estrat\u00e9gia do neg\u00f3cio foi &#8220;gerar conte\u00fado\/dicas de beleza, incentivando assim as pessoas a manterem a autoestima elevada em meio a tempos dif\u00edceis e consequentemente a adquirirem nossos produtos, o que funcionou muito bem&#8221;.<\/p>\n\n\n\n<p><strong>Texto<\/strong><em>: Luana Torres\/Ag\u00eancia Cariri<\/em><\/p>\n","protected":false},"excerpt":{"rendered":"<p>Pesquisa realizada pela Superintend\u00eancia do Desenvolvimento do Nordeste (Sudene) aponta que 50,6% das empresas do Cear\u00e1 tiveram queda de at\u00e9 50% no faturamento e 76% dos empres\u00e1rios sofreram impacto negativo desde que come\u00e7aram as medidas de combate \u00e0 covid-19. O&#8230; <a class=\"more-link\" href=\"https:\/\/sites.ufca.edu.br\/agenciacariri\/faturamento-de-506-das-empresas-do-ce-caiu-pela-metade-na-pandemia\/\">Continue Reading &rarr;<\/a><\/p>\n","protected":false},"author":209,"featured_media":476,"comment_status":"open","ping_status":"open","sticky":false,"template":"","format":"standard","meta":[],"categories":[1],"tags":[3,4],"_links":{"self":[{"href":"https:\/\/sites.ufca.edu.br\/agenciacariri\/wp-json\/wp\/v2\/posts\/475"}],"collection":[{"href":"https:\/\/sites.ufca.edu.br\/agenciacariri\/wp-json\/wp\/v2\/posts"}],"about":[{"href":"https:\/\/sites.ufca.edu.br\/agenciacariri\/wp-json\/wp\/v2\/types\/post"}],"author":[{"embeddable":true,"href":"https:\/\/sites.ufca.edu.br\/agenciacariri\/wp-json\/wp\/v2\/users\/209"}],"replies":[{"embeddable":true,"href":"https:\/\/sites.ufca.edu.br\/agenciacariri\/wp-json\/wp\/v2\/comments?post=475"}],"version-history":[{"count":13,"href":"https:\/\/sites.ufca.edu.br\/agenciacariri\/wp-json\/wp\/v2\/posts\/475\/revisions"}],"predecessor-version":[{"id":497,"href":"https:\/\/sites.ufca.edu.br\/agenciacariri\/wp-json\/wp\/v2\/posts\/475\/revisions\/497"}],"wp:featuredmedia":[{"embeddable":true,"href":"https:\/\/sites.ufca.edu.br\/agenciacariri\/wp-json\/wp\/v2\/media\/476"}],"wp:attachment":[{"href":"https:\/\/sites.ufca.edu.br\/agenciacariri\/wp-json\/wp\/v2\/media?parent=475"}],"wp:term":[{"taxonomy":"category","embeddable":true,"href":"https:\/\/sites.ufca.edu.br\/agenciacariri\/wp-json\/wp\/v2\/categories?post=475"},{"taxonomy":"post_tag","embeddable":true,"href":"https:\/\/sites.ufca.edu.br\/agenciacariri\/wp-json\/wp\/v2\/tags?post=475"}],"curies":[{"name":"wp","href":"https:\/\/api.w.org\/{rel}","templated":true}]}}